{"id":222,"date":"2020-08-30T13:06:03","date_gmt":"2020-08-30T11:06:03","guid":{"rendered":"https:\/\/test.rv-bad-driburg.de\/?p=222"},"modified":"2022-09-02T14:50:42","modified_gmt":"2022-09-02T12:50:42","slug":"teilnahme-am-voltigirturnier-in-germete","status":"publish","type":"post","link":"https:\/\/www.rv-bad-driburg.de\/index.php\/2020\/08\/30\/teilnahme-am-voltigirturnier-in-germete\/","title":{"rendered":"Teilnahme am Voltigirturnier in Germete"},"content":{"rendered":"<div dir=\"auto\">\n<div class=\"o9v6fnle cxmmr5t8 oygrvhab hcukyx3x c1et5uql ii04i59q\">\n<div dir=\"auto\"><span class=\"d2edcug0 hpfvmrgz qv66sw1b c1et5uql lr9zc1uh a8c37x1j keod5gw0 nxhoafnm aigsh9s9 d3f4x2em fe6kdd0r mau55g9w c8b282yb iv3no6db jq4qci2q a3bd9o3v b1v8xokw oo9gr5id hzawbc8m\" dir=\"auto\">Am Sonntag, den 30.08.2020 fand ein Voltitag unter Corona-Bedingungen beim <a class=\"oajrlxb2 g5ia77u1 qu0x051f esr5mh6w e9989ue4 r7d6kgcz rq0escxv nhd2j8a9 nc684nl6 p7hjln8o kvgmc6g5 cxmmr5t8 oygrvhab hcukyx3x jb3vyjys rz4wbd8a qt6c0cv9 a8nywdso i1ao9s8h esuyzwwr f1sip0of lzcic4wl q66pz984 gpro0wi8 b1v8xokw\" tabindex=\"0\" role=\"link\" href=\"https:\/\/www.facebook.com\/Reiterverein-St-Georg-Diemeltal-939687576187690\/?__cft__[0]=AZXWEm2Z-W4muYH2wU3cSuKruYJ2qqZA3JMo7RYR1_Mtu5mlL3d2jTQV6-5WyEuud5znH6oXmiRdOvSiCl-1SOaMdcyYjhWFZkIct-oZwU6mOsZ7ajh1drbE9zXLNwuqTh3ROa7jRLYCshhvsdevamsZlBqAKKwlmo_WAe0DLD_ROvUrSixRrqks2w-fkxVgktQ&amp;__tn__=kK-R\"><span class=\"nc684nl6\">Reiterverein St. Georg Diemeltal<\/span><\/a> statt! Auch an dieser Stelle noch einmal vielen Dank f\u00fcr die Ausrichtung des sch\u00f6nen Turnieres!<\/span><\/div>\n<\/div>\n<div class=\"o9v6fnle cxmmr5t8 oygrvhab hcukyx3x c1et5uql ii04i59q\">\n<div dir=\"auto\"><span class=\"d2edcug0 hpfvmrgz qv66sw1b c1et5uql lr9zc1uh a8c37x1j keod5gw0 nxhoafnm aigsh9s9 d3f4x2em fe6kdd0r mau55g9w c8b282yb iv3no6db jq4qci2q a3bd9o3v b1v8xokw oo9gr5id hzawbc8m\" dir=\"auto\">&#8222;Pr\u00e4miere&#8220; hie\u00df es f\u00fcr unser Nachwuchsvolti Pferd Ivar! F\u00fcr ihn war dies sein aller erstes Turnier in seinem Leben als Voltigierpferd.<\/span><\/div>\n<\/div>\n<div class=\"o9v6fnle cxmmr5t8 oygrvhab hcukyx3x c1et5uql ii04i59q\">\n<div dir=\"auto\"><span class=\"d2edcug0 hpfvmrgz qv66sw1b c1et5uql lr9zc1uh a8c37x1j keod5gw0 nxhoafnm aigsh9s9 d3f4x2em fe6kdd0r mau55g9w c8b282yb iv3no6db jq4qci2q a3bd9o3v b1v8xokw oo9gr5id hzawbc8m\" dir=\"auto\">Als erstes gingen Cata und Nina im Doppelvoltigierwettbewerb an den Start und konnten tolle Leistungen erzielen! Sie belegten den 4. Platz.<\/span><\/div>\n<\/div>\n<div class=\"o9v6fnle cxmmr5t8 oygrvhab hcukyx3x c1et5uql ii04i59q\">\n<div dir=\"auto\"><span class=\"d2edcug0 hpfvmrgz qv66sw1b c1et5uql lr9zc1uh a8c37x1j keod5gw0 nxhoafnm aigsh9s9 d3f4x2em fe6kdd0r mau55g9w c8b282yb iv3no6db jq4qci2q a3bd9o3v b1v8xokw oo9gr5id hzawbc8m\" dir=\"auto\">Direkt im Anschluss war die Einzelvoltigierin Sina an der Reihe und zeigte neben einer starken Pflicht auch eine tolle K\u00fcr und wurde mit dem 5. Platz belohnt!<\/span><\/div>\n<\/div>\n<div class=\"o9v6fnle cxmmr5t8 oygrvhab hcukyx3x c1et5uql ii04i59q\">\n<div dir=\"auto\"><span class=\"d2edcug0 hpfvmrgz qv66sw1b c1et5uql lr9zc1uh a8c37x1j keod5gw0 nxhoafnm aigsh9s9 d3f4x2em fe6kdd0r mau55g9w c8b282yb iv3no6db jq4qci2q a3bd9o3v b1v8xokw oo9gr5id hzawbc8m\" dir=\"auto\">Zum Abschuss folgte dann das Highlight des Tages!<\/span><\/div>\n<div dir=\"auto\"><span class=\"d2edcug0 hpfvmrgz qv66sw1b c1et5uql lr9zc1uh a8c37x1j keod5gw0 nxhoafnm aigsh9s9 d3f4x2em fe6kdd0r mau55g9w c8b282yb iv3no6db jq4qci2q a3bd9o3v b1v8xokw oo9gr5id hzawbc8m\" dir=\"auto\">Mannschaft 5 lief freudestrahlend in den Turnierzirkel ein. Sie waren h\u00f6chstmotiviert, das erste Mal mit ihrem neuen Voltigierpferd Ivar an den Start zu gehen und zu zeigen, dass sie im verl\u00e4ngerten Wintertraining flei\u00dfig waren!<\/span><\/div>\n<\/div>\n<div class=\"o9v6fnle cxmmr5t8 oygrvhab hcukyx3x c1et5uql ii04i59q\">\n<div dir=\"auto\"><span class=\"d2edcug0 hpfvmrgz qv66sw1b c1et5uql lr9zc1uh a8c37x1j keod5gw0 nxhoafnm aigsh9s9 d3f4x2em fe6kdd0r mau55g9w c8b282yb iv3no6db jq4qci2q a3bd9o3v b1v8xokw oo9gr5id hzawbc8m\" dir=\"auto\">Der Flei\u00df wurde belohnt und sie konnten den ersten Platz in der Pr\u00fcfung Galopp-Schritt-Mini erlangen! <\/span><\/div>\n<\/div>\n<div class=\"o9v6fnle cxmmr5t8 oygrvhab hcukyx3x c1et5uql ii04i59q\">\n<div dir=\"auto\"><span class=\"d2edcug0 hpfvmrgz qv66sw1b c1et5uql lr9zc1uh a8c37x1j keod5gw0 nxhoafnm aigsh9s9 d3f4x2em fe6kdd0r mau55g9w c8b282yb iv3no6db jq4qci2q a3bd9o3v b1v8xokw oo9gr5id hzawbc8m\" dir=\"auto\">Unser Ivar hat sich von der neuen Situation auf dem Turnier \u00fcberhaupt nicht aus der Ruhe bringen lassen und lief ruhig und zuverl\u00e4ssig seine Runden. Wir sind sehr stolz auf\u00a0<\/span>ihn.<\/div>\n<\/div>\n<\/div>\n","protected":false},"excerpt":{"rendered":"<p>Am Sonntag, den 30.08.2020 fand ein Voltitag unter Corona-Bedingungen beim  [&#8230;]<\/p>\n","protected":false},"author":2,"featured_media":52,"comment_status":"open","ping_status":"open","sticky":false,"template":"","format":"standard","meta":{"footnotes":""},"categories":[7,13],"tags":[],"class_list":["post-222","post","type-post","status-publish","format-standard","has-post-thumbnail","hentry","category-aktuelles","category-voltigieren"],"_links":{"self":[{"href":"https:\/\/www.rv-bad-driburg.de\/index.php\/wp-json\/wp\/v2\/posts\/222","targetHints":{"allow":["GET"]}}],"collection":[{"href":"https:\/\/www.rv-bad-driburg.de\/index.php\/wp-json\/wp\/v2\/posts"}],"about":[{"href":"https:\/\/www.rv-bad-driburg.de\/index.php\/wp-json\/wp\/v2\/types\/post"}],"author":[{"embeddable":true,"href":"https:\/\/www.rv-bad-driburg.de\/index.php\/wp-json\/wp\/v2\/users\/2"}],"replies":[{"embeddable":true,"href":"https:\/\/www.rv-bad-driburg.de\/index.php\/wp-json\/wp\/v2\/comments?post=222"}],"version-history":[{"count":1,"href":"https:\/\/www.rv-bad-driburg.de\/index.php\/wp-json\/wp\/v2\/posts\/222\/revisions"}],"predecessor-version":[{"id":223,"href":"https:\/\/www.rv-bad-driburg.de\/index.php\/wp-json\/wp\/v2\/posts\/222\/revisions\/223"}],"wp:featuredmedia":[{"embeddable":true,"href":"https:\/\/www.rv-bad-driburg.de\/index.php\/wp-json\/wp\/v2\/media\/52"}],"wp:attachment":[{"href":"https:\/\/www.rv-bad-driburg.de\/index.php\/wp-json\/wp\/v2\/media?parent=222"}],"wp:term":[{"taxonomy":"category","embeddable":true,"href":"https:\/\/www.rv-bad-driburg.de\/index.php\/wp-json\/wp\/v2\/categories?post=222"},{"taxonomy":"post_tag","embeddable":true,"href":"https:\/\/www.rv-bad-driburg.de\/index.php\/wp-json\/wp\/v2\/tags?post=222"}],"curies":[{"name":"wp","href":"https:\/\/api.w.org\/{rel}","templated":true}]}}